{"id":1814,"date":"2025-07-04T10:40:07","date_gmt":"2025-07-04T08:40:07","guid":{"rendered":"https:\/\/rhu-shiva.com\/fr\/?p=1814"},"modified":"2025-07-31T11:11:10","modified_gmt":"2025-07-31T09:11:10","slug":"lancement-de-letude-shiva-cogneurophys-mieux-comprendre-les-troubles-cognitifs-dans-la-maladie-des-petites-arteres-cerebrales","status":"publish","type":"post","link":"https:\/\/rhu-shiva.com\/fr\/blog\/2025\/07\/04\/lancement-de-letude-shiva-cogneurophys-mieux-comprendre-les-troubles-cognitifs-dans-la-maladie-des-petites-arteres-cerebrales\/","title":{"rendered":"Mieux comprendre les troubles cognitifs dans la maladie des petites art\u00e8res c\u00e9r\u00e9brales"},"content":{"rendered":"\n<p><\/p>\n\n\n\n<p><p data-start=\"432\" data-end=\"619\">Le 4 juillet 2025, une nouvelle \u00e9tude ancillaire \u00e0 la cohorte SHIVA a \u00e9t\u00e9 lanc\u00e9e au CHU de Bordeaux : <strong data-start=\"534\" data-end=\"564\">l\u2019\u00e9tude SHIVA-CogNeurophys<\/strong>, promue par le CHU.Cette \u00e9tude vise \u00e0 mieux comprendre les troubles cognitifs (notamment les troubles de la m\u00e9moire et de l\u2019attention) associ\u00e9s \u00e0 la <strong data-start=\"751\" data-end=\"800\">maladie des petites art\u00e8res c\u00e9r\u00e9brales (MPAC)<\/strong>, une pathologie fr\u00e9quente du cerveau pouvant entra\u00eener des AVC et un d\u00e9clin cognitif progressif.<\/p><\/p>\n\n\n\n<h3 class=\"wp-block-heading\"><p data-start=\"432\" data-end=\"619\">Une recherche exploratoire innovante<\/p><\/h3>\n\n\n\n<p><p data-start=\"432\" data-end=\"619\">SHIVA-CogNeurophys a pour objectif d&rsquo;explorer, \u00e0 travers des approches non invasives, comment le cerveau fonctionne lors de t\u00e2ches cognitives simples, et comment ces fonctions sont alt\u00e9r\u00e9es dans le cadre de la MPAC.Les participants, tous issus de la cohorte SHIVA du CHU de Bordeaux, b\u00e9n\u00e9ficieront : d\u2019enregistrements de l\u2019activit\u00e9 c\u00e9r\u00e9brale par <strong data-start=\"1291\" data-end=\"1323\">\u00e9lectroenc\u00e9phalogramme (EEG)<\/strong>,  de <strong data-start=\"1330\" data-end=\"1362\">stimulation c\u00e9r\u00e9brale l\u00e9g\u00e8re<\/strong> par courant alternatif (tACS),  et d\u2019un <strong data-start=\"1404\" data-end=\"1453\">entra\u00eenement cognitif personnalis\u00e9 \u00e0 domicile<\/strong> via des exercices sur ordinateur. <\/p><\/p>\n\n\n\n<h3 class=\"wp-block-heading\">Une participation volontaire et encadr\u00e9e<\/h3>\n\n\n\n<p>L\u2019\u00e9tude se d\u00e9roulera sur <strong data-start=\"1560\" data-end=\"1570\">6 mois<\/strong>, avec <strong data-start=\"1577\" data-end=\"1602\">5 visites programm\u00e9es<\/strong> \u00e0 l\u2019h\u00f4pital. Elle concerne <strong data-start=\"1630\" data-end=\"1657\">80 patients volontaires<\/strong> inclus dans la cohorte SHIVA au CHU de Bordeaux, sous r\u00e9serve de crit\u00e8res d\u2019\u00e9ligibilit\u00e9. Les frais de transport sont pris en charge.Cette recherche n\u2019a pas de vis\u00e9e th\u00e9rapeutique imm\u00e9diate mais pourrait, \u00e0 terme, ouvrir la voie \u00e0 de <strong data-start=\"1893\" data-end=\"1959\">nouvelles strat\u00e9gies de prise en charge des troubles cognitifs<\/strong> dans cette maladie encore peu connue du grand public. <\/p>\n\n\n\n<h3 class=\"wp-block-heading\">Une d\u00e9marche \u00e9thique et respectueuse des droits<\/h3>\n\n\n\n<p>La participation est enti\u00e8rement libre, encadr\u00e9e par un protocole rigoureux valid\u00e9 par un Comit\u00e9 de Protection des Personnes. Les donn\u00e9es personnelles sont trait\u00e9es de mani\u00e8re strictement confidentielle, conform\u00e9ment au R\u00e8glement G\u00e9n\u00e9ral sur la Protection des Donn\u00e9es (RGPD).<\/p>\n\n\n\n<p><hr data-start=\"2345\" data-end=\"2348\"><\/hr><p data-start=\"2350\" data-end=\"2577\">\ud83d\udccd <strong data-start=\"2455\" data-end=\"2468\">Promoteur<\/strong> : CHU de Bordeaux \u2013 12 Rue Dubernat, 33404 Talence Cedex <\/p><\/p>\n\n\n\n<p><p data-start=\"2350\" data-end=\"2577\">\ud83d\udc68\u200d\u2695\ufe0f <strong data-start=\"2534\" data-end=\"2561\">Investigateur principal<\/strong> : Pr Igor Sibon<\/p><\/p>\n\n\n\n<p><p data-start=\"2350\" data-end=\"2577\"><strong>\ud83d\udc68\u200d\u2695\ufe0fCo-investigateur principal :<\/strong> Dr Jean Sebastien Liegey <\/p><\/p>\n\n\n\n<div class=\"wp-block-buttons is-content-justification-center is-layout-flex wp-container-core-buttons-layout-1 wp-block-buttons-is-layout-flex\">\n<div class=\"wp-block-button has-custom-width wp-block-button__width-50\"><a class=\"wp-block-button__link has-vivid-cyan-blue-background-color has-background wp-element-button\">En savoir plus sur l&rsquo;\u00e9tude SHIVA-CogNeurophys<\/a><\/div>\n<\/div>\n","protected":false},"excerpt":{"rendered":"<p>Le 4 juillet 2025, une nouvelle \u00e9tude ancillaire \u00e0 la cohorte SHIVA a \u00e9t\u00e9 lanc\u00e9e au CHU de Bordeaux : l\u2019\u00e9tude SHIVA-CogNeurophys, promue par le CHU.Cette<span class=\"excerpt-hellip\"> [\u2026]<\/span><\/p>\n","protected":false},"author":4,"featured_media":1822,"comment_status":"closed","ping_status":"closed","sticky":false,"template":"","format":"standard","meta":{"inline_featured_image":false,"footnotes":""},"categories":[6],"tags":[],"yoast_head":"<!-- This site is optimized with the Yoast SEO plugin v21.8 - https:\/\/yoast.com\/wordpress\/plugins\/seo\/ -->\n<title>Mieux comprendre les troubles cognitifs dans la maladie des petites art\u00e8res c\u00e9r\u00e9brales | RHU SHIVA<\/title>\n<meta name=\"robots\" content=\"index, follow, max-snippet:-1, max-image-preview:large, max-video-preview:-1\" \/>\n<link rel=\"canonical\" href=\"https:\/\/rhu-shiva.com\/fr\/blog\/2025\/07\/04\/lancement-de-letude-shiva-cogneurophys-mieux-comprendre-les-troubles-cognitifs-dans-la-maladie-des-petites-arteres-cerebrales\/\" \/>\n<meta property=\"og:locale\" content=\"fr_FR\" \/>\n<meta property=\"og:type\" content=\"article\" \/>\n<meta property=\"og:title\" content=\"Mieux comprendre les troubles cognitifs dans la maladie des petites art\u00e8res c\u00e9r\u00e9brales | RHU SHIVA\" \/>\n<meta property=\"og:description\" content=\"Le 4 juillet 2025, une nouvelle \u00e9tude ancillaire \u00e0 la cohorte SHIVA a \u00e9t\u00e9 lanc\u00e9e au CHU de Bordeaux : l\u2019\u00e9tude SHIVA-CogNeurophys, promue par le CHU.Cette [\u2026]\" \/>\n<meta property=\"og:url\" content=\"https:\/\/rhu-shiva.com\/fr\/blog\/2025\/07\/04\/lancement-de-letude-shiva-cogneurophys-mieux-comprendre-les-troubles-cognitifs-dans-la-maladie-des-petites-arteres-cerebrales\/\" \/>\n<meta property=\"og:site_name\" content=\"RHU SHIVA\" \/>\n<meta property=\"article:published_time\" content=\"2025-07-04T08:40:07+00:00\" \/>\n<meta property=\"article:modified_time\" content=\"2025-07-31T09:11:10+00:00\" \/>\n<meta property=\"og:image\" content=\"https:\/\/rhu-shiva.com\/fr\/wp-content\/uploads\/sites\/5\/2025\/07\/Lancement-de-letude-SHIVA-CogNeurophys_m.png\" \/>\n\t<meta property=\"og:image:width\" content=\"768\" \/>\n\t<meta property=\"og:image:height\" content=\"512\" \/>\n\t<meta property=\"og:image:type\" content=\"image\/png\" \/>\n<meta name=\"author\" content=\"RHU Shiva\" \/>\n<meta name=\"twitter:card\" content=\"summary_large_image\" \/>\n<meta name=\"twitter:creator\" content=\"@RHU_SHiVA\" \/>\n<meta name=\"twitter:site\" content=\"@RHU_SHiVA\" \/>\n<meta name=\"twitter:label1\" content=\"\u00c9crit par\" \/>\n\t<meta name=\"twitter:data1\" content=\"RHU Shiva\" \/>\n\t<meta name=\"twitter:label2\" content=\"Dur\u00e9e de lecture estim\u00e9e\" \/>\n\t<meta name=\"twitter:data2\" content=\"2 minutes\" \/>\n<script type=\"application\/ld+json\" class=\"yoast-schema-graph\">{\"@context\":\"https:\/\/schema.org\",\"@graph\":[{\"@type\":\"Article\",\"@id\":\"https:\/\/rhu-shiva.com\/fr\/blog\/2025\/07\/04\/lancement-de-letude-shiva-cogneurophys-mieux-comprendre-les-troubles-cognitifs-dans-la-maladie-des-petites-arteres-cerebrales\/#article\",\"isPartOf\":{\"@id\":\"https:\/\/rhu-shiva.com\/fr\/blog\/2025\/07\/04\/lancement-de-letude-shiva-cogneurophys-mieux-comprendre-les-troubles-cognitifs-dans-la-maladie-des-petites-arteres-cerebrales\/\"},\"author\":{\"name\":\"RHU Shiva\",\"@id\":\"https:\/\/rhu-shiva.com\/fr\/#\/schema\/person\/1c1d57c19e0581e8e28813f76c09d34a\"},\"headline\":\"Mieux comprendre les troubles cognitifs dans la maladie des petites art\u00e8res c\u00e9r\u00e9brales\",\"datePublished\":\"2025-07-04T08:40:07+00:00\",\"dateModified\":\"2025-07-31T09:11:10+00:00\",\"mainEntityOfPage\":{\"@id\":\"https:\/\/rhu-shiva.com\/fr\/blog\/2025\/07\/04\/lancement-de-letude-shiva-cogneurophys-mieux-comprendre-les-troubles-cognitifs-dans-la-maladie-des-petites-arteres-cerebrales\/\"},\"wordCount\":345,\"publisher\":{\"@id\":\"https:\/\/rhu-shiva.com\/fr\/#organization\"},\"articleSection\":[\"Articles\"],\"inLanguage\":\"fr-FR\"},{\"@type\":\"WebPage\",\"@id\":\"https:\/\/rhu-shiva.com\/fr\/blog\/2025\/07\/04\/lancement-de-letude-shiva-cogneurophys-mieux-comprendre-les-troubles-cognitifs-dans-la-maladie-des-petites-arteres-cerebrales\/\",\"url\":\"https:\/\/rhu-shiva.com\/fr\/blog\/2025\/07\/04\/lancement-de-letude-shiva-cogneurophys-mieux-comprendre-les-troubles-cognitifs-dans-la-maladie-des-petites-arteres-cerebrales\/\",\"name\":\"Mieux comprendre les troubles cognitifs dans la maladie des petites art\u00e8res c\u00e9r\u00e9brales | RHU SHIVA\",\"isPartOf\":{\"@id\":\"https:\/\/rhu-shiva.com\/fr\/#website\"},\"datePublished\":\"2025-07-04T08:40:07+00:00\",\"dateModified\":\"2025-07-31T09:11:10+00:00\",\"breadcrumb\":{\"@id\":\"https:\/\/rhu-shiva.com\/fr\/blog\/2025\/07\/04\/lancement-de-letude-shiva-cogneurophys-mieux-comprendre-les-troubles-cognitifs-dans-la-maladie-des-petites-arteres-cerebrales\/#breadcrumb\"},\"inLanguage\":\"fr-FR\",\"potentialAction\":[{\"@type\":\"ReadAction\",\"target\":[\"https:\/\/rhu-shiva.com\/fr\/blog\/2025\/07\/04\/lancement-de-letude-shiva-cogneurophys-mieux-comprendre-les-troubles-cognitifs-dans-la-maladie-des-petites-arteres-cerebrales\/\"]}]},{\"@type\":\"BreadcrumbList\",\"@id\":\"https:\/\/rhu-shiva.com\/fr\/blog\/2025\/07\/04\/lancement-de-letude-shiva-cogneurophys-mieux-comprendre-les-troubles-cognitifs-dans-la-maladie-des-petites-arteres-cerebrales\/#breadcrumb\",\"itemListElement\":[{\"@type\":\"ListItem\",\"position\":1,\"name\":\"Accueil\",\"item\":\"https:\/\/rhu-shiva.com\/fr\/\"},{\"@type\":\"ListItem\",\"position\":2,\"name\":\"Mieux comprendre les troubles cognitifs dans la maladie des petites art\u00e8res c\u00e9r\u00e9brales\"}]},{\"@type\":\"WebSite\",\"@id\":\"https:\/\/rhu-shiva.com\/fr\/#website\",\"url\":\"https:\/\/rhu-shiva.com\/fr\/\",\"name\":\"RHU SHIVA\",\"description\":\"Pr\u00e9venir le d\u00e9clin cognitif et la d\u00e9mence en combattant la maladie des petites art\u00e8res occulte\",\"publisher\":{\"@id\":\"https:\/\/rhu-shiva.com\/fr\/#organization\"},\"potentialAction\":[{\"@type\":\"SearchAction\",\"target\":{\"@type\":\"EntryPoint\",\"urlTemplate\":\"https:\/\/rhu-shiva.com\/fr\/?s={search_term_string}\"},\"query-input\":\"required name=search_term_string\"}],\"inLanguage\":\"fr-FR\"},{\"@type\":\"Organization\",\"@id\":\"https:\/\/rhu-shiva.com\/fr\/#organization\",\"name\":\"RHU SHIVA\",\"url\":\"https:\/\/rhu-shiva.com\/fr\/\",\"logo\":{\"@type\":\"ImageObject\",\"inLanguage\":\"fr-FR\",\"@id\":\"https:\/\/rhu-shiva.com\/fr\/#\/schema\/logo\/image\/\",\"url\":\"https:\/\/rhu-shiva.com\/fr\/wp-content\/uploads\/sites\/5\/2020\/06\/logo_grand_light_blue.png\",\"contentUrl\":\"https:\/\/rhu-shiva.com\/fr\/wp-content\/uploads\/sites\/5\/2020\/06\/logo_grand_light_blue.png\",\"width\":501,\"height\":501,\"caption\":\"RHU SHIVA\"},\"image\":{\"@id\":\"https:\/\/rhu-shiva.com\/fr\/#\/schema\/logo\/image\/\"},\"sameAs\":[\"https:\/\/twitter.com\/RHU_SHiVA\"]},{\"@type\":\"Person\",\"@id\":\"https:\/\/rhu-shiva.com\/fr\/#\/schema\/person\/1c1d57c19e0581e8e28813f76c09d34a\",\"name\":\"RHU Shiva\",\"image\":{\"@type\":\"ImageObject\",\"inLanguage\":\"fr-FR\",\"@id\":\"https:\/\/rhu-shiva.com\/fr\/#\/schema\/person\/image\/\",\"url\":\"https:\/\/secure.gravatar.com\/avatar\/801f7f516941c34236676a1a3fe5f1f2?s=96&d=mm&r=g\",\"contentUrl\":\"https:\/\/secure.gravatar.com\/avatar\/801f7f516941c34236676a1a3fe5f1f2?s=96&d=mm&r=g\",\"caption\":\"RHU Shiva\"},\"url\":\"https:\/\/rhu-shiva.com\/fr\/blog\/author\/rhushiva\/\"}]}<\/script>\n<!-- \/ Yoast SEO plugin. -->","yoast_head_json":{"title":"Mieux comprendre les troubles cognitifs dans la maladie des petites art\u00e8res c\u00e9r\u00e9brales | RHU SHIVA","robots":{"index":"index","follow":"follow","max-snippet":"max-snippet:-1","max-image-preview":"max-image-preview:large","max-video-preview":"max-video-preview:-1"},"canonical":"https:\/\/rhu-shiva.com\/fr\/blog\/2025\/07\/04\/lancement-de-letude-shiva-cogneurophys-mieux-comprendre-les-troubles-cognitifs-dans-la-maladie-des-petites-arteres-cerebrales\/","og_locale":"fr_FR","og_type":"article","og_title":"Mieux comprendre les troubles cognitifs dans la maladie des petites art\u00e8res c\u00e9r\u00e9brales | RHU SHIVA","og_description":"Le 4 juillet 2025, une nouvelle \u00e9tude ancillaire \u00e0 la cohorte SHIVA a \u00e9t\u00e9 lanc\u00e9e au CHU de Bordeaux : l\u2019\u00e9tude SHIVA-CogNeurophys, promue par le CHU.Cette [\u2026]","og_url":"https:\/\/rhu-shiva.com\/fr\/blog\/2025\/07\/04\/lancement-de-letude-shiva-cogneurophys-mieux-comprendre-les-troubles-cognitifs-dans-la-maladie-des-petites-arteres-cerebrales\/","og_site_name":"RHU SHIVA","article_published_time":"2025-07-04T08:40:07+00:00","article_modified_time":"2025-07-31T09:11:10+00:00","og_image":[{"width":768,"height":512,"url":"https:\/\/rhu-shiva.com\/fr\/wp-content\/uploads\/sites\/5\/2025\/07\/Lancement-de-letude-SHIVA-CogNeurophys_m.png","type":"image\/png"}],"author":"RHU Shiva","twitter_card":"summary_large_image","twitter_creator":"@RHU_SHiVA","twitter_site":"@RHU_SHiVA","twitter_misc":{"\u00c9crit par":"RHU Shiva","Dur\u00e9e de lecture estim\u00e9e":"2 minutes"},"schema":{"@context":"https:\/\/schema.org","@graph":[{"@type":"Article","@id":"https:\/\/rhu-shiva.com\/fr\/blog\/2025\/07\/04\/lancement-de-letude-shiva-cogneurophys-mieux-comprendre-les-troubles-cognitifs-dans-la-maladie-des-petites-arteres-cerebrales\/#article","isPartOf":{"@id":"https:\/\/rhu-shiva.com\/fr\/blog\/2025\/07\/04\/lancement-de-letude-shiva-cogneurophys-mieux-comprendre-les-troubles-cognitifs-dans-la-maladie-des-petites-arteres-cerebrales\/"},"author":{"name":"RHU Shiva","@id":"https:\/\/rhu-shiva.com\/fr\/#\/schema\/person\/1c1d57c19e0581e8e28813f76c09d34a"},"headline":"Mieux comprendre les troubles cognitifs dans la maladie des petites art\u00e8res c\u00e9r\u00e9brales","datePublished":"2025-07-04T08:40:07+00:00","dateModified":"2025-07-31T09:11:10+00:00","mainEntityOfPage":{"@id":"https:\/\/rhu-shiva.com\/fr\/blog\/2025\/07\/04\/lancement-de-letude-shiva-cogneurophys-mieux-comprendre-les-troubles-cognitifs-dans-la-maladie-des-petites-arteres-cerebrales\/"},"wordCount":345,"publisher":{"@id":"https:\/\/rhu-shiva.com\/fr\/#organization"},"articleSection":["Articles"],"inLanguage":"fr-FR"},{"@type":"WebPage","@id":"https:\/\/rhu-shiva.com\/fr\/blog\/2025\/07\/04\/lancement-de-letude-shiva-cogneurophys-mieux-comprendre-les-troubles-cognitifs-dans-la-maladie-des-petites-arteres-cerebrales\/","url":"https:\/\/rhu-shiva.com\/fr\/blog\/2025\/07\/04\/lancement-de-letude-shiva-cogneurophys-mieux-comprendre-les-troubles-cognitifs-dans-la-maladie-des-petites-arteres-cerebrales\/","name":"Mieux comprendre les troubles cognitifs dans la maladie des petites art\u00e8res c\u00e9r\u00e9brales | RHU SHIVA","isPartOf":{"@id":"https:\/\/rhu-shiva.com\/fr\/#website"},"datePublished":"2025-07-04T08:40:07+00:00","dateModified":"2025-07-31T09:11:10+00:00","breadcrumb":{"@id":"https:\/\/rhu-shiva.com\/fr\/blog\/2025\/07\/04\/lancement-de-letude-shiva-cogneurophys-mieux-comprendre-les-troubles-cognitifs-dans-la-maladie-des-petites-arteres-cerebrales\/#breadcrumb"},"inLanguage":"fr-FR","potentialAction":[{"@type":"ReadAction","target":["https:\/\/rhu-shiva.com\/fr\/blog\/2025\/07\/04\/lancement-de-letude-shiva-cogneurophys-mieux-comprendre-les-troubles-cognitifs-dans-la-maladie-des-petites-arteres-cerebrales\/"]}]},{"@type":"BreadcrumbList","@id":"https:\/\/rhu-shiva.com\/fr\/blog\/2025\/07\/04\/lancement-de-letude-shiva-cogneurophys-mieux-comprendre-les-troubles-cognitifs-dans-la-maladie-des-petites-arteres-cerebrales\/#breadcrumb","itemListElement":[{"@type":"ListItem","position":1,"name":"Accueil","item":"https:\/\/rhu-shiva.com\/fr\/"},{"@type":"ListItem","position":2,"name":"Mieux comprendre les troubles cognitifs dans la maladie des petites art\u00e8res c\u00e9r\u00e9brales"}]},{"@type":"WebSite","@id":"https:\/\/rhu-shiva.com\/fr\/#website","url":"https:\/\/rhu-shiva.com\/fr\/","name":"RHU SHIVA","description":"Pr\u00e9venir le d\u00e9clin cognitif et la d\u00e9mence en combattant la maladie des petites art\u00e8res occulte","publisher":{"@id":"https:\/\/rhu-shiva.com\/fr\/#organization"},"potentialAction":[{"@type":"SearchAction","target":{"@type":"EntryPoint","urlTemplate":"https:\/\/rhu-shiva.com\/fr\/?s={search_term_string}"},"query-input":"required name=search_term_string"}],"inLanguage":"fr-FR"},{"@type":"Organization","@id":"https:\/\/rhu-shiva.com\/fr\/#organization","name":"RHU SHIVA","url":"https:\/\/rhu-shiva.com\/fr\/","logo":{"@type":"ImageObject","inLanguage":"fr-FR","@id":"https:\/\/rhu-shiva.com\/fr\/#\/schema\/logo\/image\/","url":"https:\/\/rhu-shiva.com\/fr\/wp-content\/uploads\/sites\/5\/2020\/06\/logo_grand_light_blue.png","contentUrl":"https:\/\/rhu-shiva.com\/fr\/wp-content\/uploads\/sites\/5\/2020\/06\/logo_grand_light_blue.png","width":501,"height":501,"caption":"RHU SHIVA"},"image":{"@id":"https:\/\/rhu-shiva.com\/fr\/#\/schema\/logo\/image\/"},"sameAs":["https:\/\/twitter.com\/RHU_SHiVA"]},{"@type":"Person","@id":"https:\/\/rhu-shiva.com\/fr\/#\/schema\/person\/1c1d57c19e0581e8e28813f76c09d34a","name":"RHU Shiva","image":{"@type":"ImageObject","inLanguage":"fr-FR","@id":"https:\/\/rhu-shiva.com\/fr\/#\/schema\/person\/image\/","url":"https:\/\/secure.gravatar.com\/avatar\/801f7f516941c34236676a1a3fe5f1f2?s=96&d=mm&r=g","contentUrl":"https:\/\/secure.gravatar.com\/avatar\/801f7f516941c34236676a1a3fe5f1f2?s=96&d=mm&r=g","caption":"RHU Shiva"},"url":"https:\/\/rhu-shiva.com\/fr\/blog\/author\/rhushiva\/"}]}},"_links":{"self":[{"href":"https:\/\/rhu-shiva.com\/fr\/wp-json\/wp\/v2\/posts\/1814"}],"collection":[{"href":"https:\/\/rhu-shiva.com\/fr\/wp-json\/wp\/v2\/posts"}],"about":[{"href":"https:\/\/rhu-shiva.com\/fr\/wp-json\/wp\/v2\/types\/post"}],"author":[{"embeddable":true,"href":"https:\/\/rhu-shiva.com\/fr\/wp-json\/wp\/v2\/users\/4"}],"replies":[{"embeddable":true,"href":"https:\/\/rhu-shiva.com\/fr\/wp-json\/wp\/v2\/comments?post=1814"}],"version-history":[{"count":5,"href":"https:\/\/rhu-shiva.com\/fr\/wp-json\/wp\/v2\/posts\/1814\/revisions"}],"predecessor-version":[{"id":1823,"href":"https:\/\/rhu-shiva.com\/fr\/wp-json\/wp\/v2\/posts\/1814\/revisions\/1823"}],"wp:featuredmedia":[{"embeddable":true,"href":"https:\/\/rhu-shiva.com\/fr\/wp-json\/wp\/v2\/media\/1822"}],"wp:attachment":[{"href":"https:\/\/rhu-shiva.com\/fr\/wp-json\/wp\/v2\/media?parent=1814"}],"wp:term":[{"taxonomy":"category","embeddable":true,"href":"https:\/\/rhu-shiva.com\/fr\/wp-json\/wp\/v2\/categories?post=1814"},{"taxonomy":"post_tag","embeddable":true,"href":"https:\/\/rhu-shiva.com\/fr\/wp-json\/wp\/v2\/tags?post=1814"}],"curies":[{"name":"wp","href":"https:\/\/api.w.org\/{rel}","templated":true}]}}