{"id":1742,"date":"2024-05-31T00:00:00","date_gmt":"2024-05-30T22:00:00","guid":{"rendered":"https:\/\/rhu-shiva.com\/fr\/?p=1742"},"modified":"2024-11-19T14:17:04","modified_gmt":"2024-11-19T13:17:04","slug":"complexite-genetique-de-la-maladie-des-petits-vaisseaux-cerebraux-de-la-pression-arterielle-et-de-la-demence","status":"publish","type":"post","link":"https:\/\/rhu-shiva.com\/fr\/blog\/2024\/05\/31\/complexite-genetique-de-la-maladie-des-petits-vaisseaux-cerebraux-de-la-pression-arterielle-et-de-la-demence\/","title":{"rendered":"Complexit\u00e9 g\u00e9n\u00e9tique de la maladie des petits vaisseaux c\u00e9r\u00e9braux, de la pression art\u00e9rielle et de la d\u00e9mence."},"content":{"rendered":"\n<p><em>Sargurupremraj M, Soumar\u00e9 A, Bis JC, Surakka I, J\u00fcrgenson T, Joly P, Knol MJ, Wang R, Yang Q, Satizabal CL, Gudjonsson A, Mishra A, Bouteloup V, Phuah CL, van Duijn CM, Cruchaga C, Dufouil C, Ch\u00eane G, Lopez OL, Psaty BM, Tzourio C, Amouyel P, Adams HH, Jacqmin-Gadda H, Ikram MA, Gudnason V, Milani L, Winsvold BS, Hveem K, Matthews PM, Longstreth WT, Seshadri S, Launer LJ, Debette S. <\/em> Genetic Complexities of Cerebral Small Vessel Disease, Blood Pressure, and Dementia. JAMA Netw Open. 2024 May 1;7(5):e2412824. doi: 10.1001\/jamanetworkopen.2024.12824. PMID: 38776079; PMCID: PMC11112447.<\/p>\n\n\n\n<p>Nous sommes heureux de vous pr\u00e9senter notre nouvelle publication collaborative dans JAMA Ntework Open, \u00e9crit par Muralidharan Sargurupremraj et des chercheurs du RHU SHIVA :<br>\u00ab <strong><em>Cerebral Small Vessel Disease, Blood Pressure, and Dementia<\/em><\/strong> \u00bb (Maladie c\u00e9r\u00e9brale des petits vaisseaux, pression art\u00e9rielle et d\u00e9mence).<\/p>\n\n\n\n<p>\u27a1 Cette \u00e9tude, par le biais de la randomisation mend\u00e9lienne, a montr\u00e9 :<\/p>\n\n\n\n<ul>\n<li>une association causale putative d&rsquo;<strong>une plus grande charge d&rsquo;hypersignaux de la substance blanche (HSB)<\/strong> avec un <strong>risque accru de la maladie d&rsquo;Alzheimer<\/strong> apr\u00e8s avoir pris en compte les effets de la pression puls\u00e9e,<\/li>\n<\/ul>\n\n\n\n<ul>\n<li>une association entre une <strong>pression art\u00e9rielle plus basse<\/strong> et le <strong>risque de maladie d&rsquo;Alzheimer<\/strong>, avec une confusion possible par des instruments g\u00e9n\u00e9tiques partag\u00e9s.<\/li>\n<\/ul>\n\n\n\n<p>\ud83d\udcc8 Des analyses longitudinales sur des donn\u00e9es individuelles ont confirm\u00e9 l&rsquo;association d&rsquo;une HMF plus importante d\u00e9termin\u00e9e g\u00e9n\u00e9tiquement avec la d\u00e9mence toutes causes confondues et la maladie d&rsquo;Alzheimer, ind\u00e9pendamment de l&rsquo;accident vasculaire c\u00e9r\u00e9bral provisoire.<\/p>\n\n\n\n<p>Ces r\u00e9sultats sugg\u00e8rent que les hypersignaux de la substance blanche est un facteur vasculaire primaire associ\u00e9 au risque de d\u00e9mence, soulignant son importance dans les strat\u00e9gies de pr\u00e9vention de la d\u00e9mence. Des \u00e9tudes futures sont n\u00e9cessaires pour examiner si ces r\u00e9sultats peuvent \u00eatre g\u00e9n\u00e9ralis\u00e9s aux populations non-europ\u00e9ennes.<\/p>\n\n\n\n<p>L&rsquo;article est disponible <a href=\"https:\/\/lnkd.in\/eKZgDfNp\">ici<\/a>. <\/p>\n\n\n\n<p><\/p>\n\n\n\n<p><br><\/p>\n","protected":false},"excerpt":{"rendered":"<p>Sargurupremraj M, Soumar\u00e9 A, Bis JC, Surakka I, J\u00fcrgenson T, Joly P, Knol MJ, Wang R, Yang Q, Satizabal CL, Gudjonsson A, Mishra A, Bouteloup V,<span class=\"excerpt-hellip\"> [\u2026]<\/span><\/p>\n","protected":false},"author":4,"featured_media":1749,"comment_status":"closed","ping_status":"closed","sticky":false,"template":"","format":"standard","meta":{"inline_featured_image":false,"footnotes":""},"categories":[6,1,2],"tags":[],"yoast_head":"<!-- This site is optimized with the Yoast SEO plugin v21.8 - https:\/\/yoast.com\/wordpress\/plugins\/seo\/ -->\n<title>Complexit\u00e9 g\u00e9n\u00e9tique de la maladie des petits vaisseaux c\u00e9r\u00e9braux, de la pression art\u00e9rielle et de la d\u00e9mence. | RHU SHIVA<\/title>\n<meta name=\"robots\" content=\"index, follow, max-snippet:-1, max-image-preview:large, max-video-preview:-1\" \/>\n<link rel=\"canonical\" href=\"https:\/\/rhu-shiva.com\/fr\/blog\/2024\/05\/31\/complexite-genetique-de-la-maladie-des-petits-vaisseaux-cerebraux-de-la-pression-arterielle-et-de-la-demence\/\" \/>\n<meta property=\"og:locale\" content=\"fr_FR\" \/>\n<meta property=\"og:type\" content=\"article\" \/>\n<meta property=\"og:title\" content=\"Complexit\u00e9 g\u00e9n\u00e9tique de la maladie des petits vaisseaux c\u00e9r\u00e9braux, de la pression art\u00e9rielle et de la d\u00e9mence. | RHU SHIVA\" \/>\n<meta property=\"og:description\" content=\"Sargurupremraj M, Soumar\u00e9 A, Bis JC, Surakka I, J\u00fcrgenson T, Joly P, Knol MJ, Wang R, Yang Q, Satizabal CL, Gudjonsson A, Mishra A, Bouteloup V, [\u2026]\" \/>\n<meta property=\"og:url\" content=\"https:\/\/rhu-shiva.com\/fr\/blog\/2024\/05\/31\/complexite-genetique-de-la-maladie-des-petits-vaisseaux-cerebraux-de-la-pression-arterielle-et-de-la-demence\/\" \/>\n<meta property=\"og:site_name\" content=\"RHU SHIVA\" \/>\n<meta property=\"article:published_time\" content=\"2024-05-30T22:00:00+00:00\" \/>\n<meta property=\"article:modified_time\" content=\"2024-11-19T13:17:04+00:00\" \/>\n<meta property=\"og:image\" content=\"https:\/\/rhu-shiva.com\/fr\/wp-content\/uploads\/sites\/5\/2024\/05\/Capture-decran-2024-11-19-141437.png\" \/>\n\t<meta property=\"og:image:width\" content=\"758\" \/>\n\t<meta property=\"og:image:height\" content=\"448\" \/>\n\t<meta property=\"og:image:type\" content=\"image\/png\" \/>\n<meta name=\"author\" content=\"RHU Shiva\" \/>\n<meta name=\"twitter:card\" content=\"summary_large_image\" \/>\n<meta name=\"twitter:creator\" content=\"@RHU_SHiVA\" \/>\n<meta name=\"twitter:site\" content=\"@RHU_SHiVA\" \/>\n<meta name=\"twitter:label1\" content=\"\u00c9crit par\" \/>\n\t<meta name=\"twitter:data1\" content=\"RHU Shiva\" \/>\n\t<meta name=\"twitter:label2\" content=\"Dur\u00e9e de lecture estim\u00e9e\" \/>\n\t<meta name=\"twitter:data2\" content=\"2 minutes\" \/>\n<script type=\"application\/ld+json\" class=\"yoast-schema-graph\">{\"@context\":\"https:\/\/schema.org\",\"@graph\":[{\"@type\":\"Article\",\"@id\":\"https:\/\/rhu-shiva.com\/fr\/blog\/2024\/05\/31\/complexite-genetique-de-la-maladie-des-petits-vaisseaux-cerebraux-de-la-pression-arterielle-et-de-la-demence\/#article\",\"isPartOf\":{\"@id\":\"https:\/\/rhu-shiva.com\/fr\/blog\/2024\/05\/31\/complexite-genetique-de-la-maladie-des-petits-vaisseaux-cerebraux-de-la-pression-arterielle-et-de-la-demence\/\"},\"author\":{\"name\":\"RHU Shiva\",\"@id\":\"https:\/\/rhu-shiva.com\/fr\/#\/schema\/person\/1c1d57c19e0581e8e28813f76c09d34a\"},\"headline\":\"Complexit\u00e9 g\u00e9n\u00e9tique de la maladie des petits vaisseaux c\u00e9r\u00e9braux, de la pression art\u00e9rielle et de la d\u00e9mence.\",\"datePublished\":\"2024-05-30T22:00:00+00:00\",\"dateModified\":\"2024-11-19T13:17:04+00:00\",\"mainEntityOfPage\":{\"@id\":\"https:\/\/rhu-shiva.com\/fr\/blog\/2024\/05\/31\/complexite-genetique-de-la-maladie-des-petits-vaisseaux-cerebraux-de-la-pression-arterielle-et-de-la-demence\/\"},\"wordCount\":339,\"publisher\":{\"@id\":\"https:\/\/rhu-shiva.com\/fr\/#organization\"},\"articleSection\":[\"Articles\",\"default\",\"Publication\"],\"inLanguage\":\"fr-FR\"},{\"@type\":\"WebPage\",\"@id\":\"https:\/\/rhu-shiva.com\/fr\/blog\/2024\/05\/31\/complexite-genetique-de-la-maladie-des-petits-vaisseaux-cerebraux-de-la-pression-arterielle-et-de-la-demence\/\",\"url\":\"https:\/\/rhu-shiva.com\/fr\/blog\/2024\/05\/31\/complexite-genetique-de-la-maladie-des-petits-vaisseaux-cerebraux-de-la-pression-arterielle-et-de-la-demence\/\",\"name\":\"Complexit\u00e9 g\u00e9n\u00e9tique de la maladie des petits vaisseaux c\u00e9r\u00e9braux, de la pression art\u00e9rielle et de la d\u00e9mence. | RHU SHIVA\",\"isPartOf\":{\"@id\":\"https:\/\/rhu-shiva.com\/fr\/#website\"},\"datePublished\":\"2024-05-30T22:00:00+00:00\",\"dateModified\":\"2024-11-19T13:17:04+00:00\",\"breadcrumb\":{\"@id\":\"https:\/\/rhu-shiva.com\/fr\/blog\/2024\/05\/31\/complexite-genetique-de-la-maladie-des-petits-vaisseaux-cerebraux-de-la-pression-arterielle-et-de-la-demence\/#breadcrumb\"},\"inLanguage\":\"fr-FR\",\"potentialAction\":[{\"@type\":\"ReadAction\",\"target\":[\"https:\/\/rhu-shiva.com\/fr\/blog\/2024\/05\/31\/complexite-genetique-de-la-maladie-des-petits-vaisseaux-cerebraux-de-la-pression-arterielle-et-de-la-demence\/\"]}]},{\"@type\":\"BreadcrumbList\",\"@id\":\"https:\/\/rhu-shiva.com\/fr\/blog\/2024\/05\/31\/complexite-genetique-de-la-maladie-des-petits-vaisseaux-cerebraux-de-la-pression-arterielle-et-de-la-demence\/#breadcrumb\",\"itemListElement\":[{\"@type\":\"ListItem\",\"position\":1,\"name\":\"Accueil\",\"item\":\"https:\/\/rhu-shiva.com\/fr\/\"},{\"@type\":\"ListItem\",\"position\":2,\"name\":\"Complexit\u00e9 g\u00e9n\u00e9tique de la maladie des petits vaisseaux c\u00e9r\u00e9braux, de la pression art\u00e9rielle et de la d\u00e9mence.\"}]},{\"@type\":\"WebSite\",\"@id\":\"https:\/\/rhu-shiva.com\/fr\/#website\",\"url\":\"https:\/\/rhu-shiva.com\/fr\/\",\"name\":\"RHU SHIVA\",\"description\":\"Pr\u00e9venir le d\u00e9clin cognitif et la d\u00e9mence en combattant la maladie des petites art\u00e8res occulte\",\"publisher\":{\"@id\":\"https:\/\/rhu-shiva.com\/fr\/#organization\"},\"potentialAction\":[{\"@type\":\"SearchAction\",\"target\":{\"@type\":\"EntryPoint\",\"urlTemplate\":\"https:\/\/rhu-shiva.com\/fr\/?s={search_term_string}\"},\"query-input\":\"required name=search_term_string\"}],\"inLanguage\":\"fr-FR\"},{\"@type\":\"Organization\",\"@id\":\"https:\/\/rhu-shiva.com\/fr\/#organization\",\"name\":\"RHU SHIVA\",\"url\":\"https:\/\/rhu-shiva.com\/fr\/\",\"logo\":{\"@type\":\"ImageObject\",\"inLanguage\":\"fr-FR\",\"@id\":\"https:\/\/rhu-shiva.com\/fr\/#\/schema\/logo\/image\/\",\"url\":\"https:\/\/rhu-shiva.com\/fr\/wp-content\/uploads\/sites\/5\/2020\/06\/logo_grand_light_blue.png\",\"contentUrl\":\"https:\/\/rhu-shiva.com\/fr\/wp-content\/uploads\/sites\/5\/2020\/06\/logo_grand_light_blue.png\",\"width\":501,\"height\":501,\"caption\":\"RHU SHIVA\"},\"image\":{\"@id\":\"https:\/\/rhu-shiva.com\/fr\/#\/schema\/logo\/image\/\"},\"sameAs\":[\"https:\/\/twitter.com\/RHU_SHiVA\"]},{\"@type\":\"Person\",\"@id\":\"https:\/\/rhu-shiva.com\/fr\/#\/schema\/person\/1c1d57c19e0581e8e28813f76c09d34a\",\"name\":\"RHU Shiva\",\"image\":{\"@type\":\"ImageObject\",\"inLanguage\":\"fr-FR\",\"@id\":\"https:\/\/rhu-shiva.com\/fr\/#\/schema\/person\/image\/\",\"url\":\"https:\/\/secure.gravatar.com\/avatar\/801f7f516941c34236676a1a3fe5f1f2?s=96&d=mm&r=g\",\"contentUrl\":\"https:\/\/secure.gravatar.com\/avatar\/801f7f516941c34236676a1a3fe5f1f2?s=96&d=mm&r=g\",\"caption\":\"RHU Shiva\"},\"url\":\"https:\/\/rhu-shiva.com\/fr\/blog\/author\/rhushiva\/\"}]}<\/script>\n<!-- \/ Yoast SEO plugin. -->","yoast_head_json":{"title":"Complexit\u00e9 g\u00e9n\u00e9tique de la maladie des petits vaisseaux c\u00e9r\u00e9braux, de la pression art\u00e9rielle et de la d\u00e9mence. | RHU SHIVA","robots":{"index":"index","follow":"follow","max-snippet":"max-snippet:-1","max-image-preview":"max-image-preview:large","max-video-preview":"max-video-preview:-1"},"canonical":"https:\/\/rhu-shiva.com\/fr\/blog\/2024\/05\/31\/complexite-genetique-de-la-maladie-des-petits-vaisseaux-cerebraux-de-la-pression-arterielle-et-de-la-demence\/","og_locale":"fr_FR","og_type":"article","og_title":"Complexit\u00e9 g\u00e9n\u00e9tique de la maladie des petits vaisseaux c\u00e9r\u00e9braux, de la pression art\u00e9rielle et de la d\u00e9mence. | RHU SHIVA","og_description":"Sargurupremraj M, Soumar\u00e9 A, Bis JC, Surakka I, J\u00fcrgenson T, Joly P, Knol MJ, Wang R, Yang Q, Satizabal CL, Gudjonsson A, Mishra A, Bouteloup V, [\u2026]","og_url":"https:\/\/rhu-shiva.com\/fr\/blog\/2024\/05\/31\/complexite-genetique-de-la-maladie-des-petits-vaisseaux-cerebraux-de-la-pression-arterielle-et-de-la-demence\/","og_site_name":"RHU SHIVA","article_published_time":"2024-05-30T22:00:00+00:00","article_modified_time":"2024-11-19T13:17:04+00:00","og_image":[{"width":758,"height":448,"url":"https:\/\/rhu-shiva.com\/fr\/wp-content\/uploads\/sites\/5\/2024\/05\/Capture-decran-2024-11-19-141437.png","type":"image\/png"}],"author":"RHU Shiva","twitter_card":"summary_large_image","twitter_creator":"@RHU_SHiVA","twitter_site":"@RHU_SHiVA","twitter_misc":{"\u00c9crit par":"RHU Shiva","Dur\u00e9e de lecture estim\u00e9e":"2 minutes"},"schema":{"@context":"https:\/\/schema.org","@graph":[{"@type":"Article","@id":"https:\/\/rhu-shiva.com\/fr\/blog\/2024\/05\/31\/complexite-genetique-de-la-maladie-des-petits-vaisseaux-cerebraux-de-la-pression-arterielle-et-de-la-demence\/#article","isPartOf":{"@id":"https:\/\/rhu-shiva.com\/fr\/blog\/2024\/05\/31\/complexite-genetique-de-la-maladie-des-petits-vaisseaux-cerebraux-de-la-pression-arterielle-et-de-la-demence\/"},"author":{"name":"RHU Shiva","@id":"https:\/\/rhu-shiva.com\/fr\/#\/schema\/person\/1c1d57c19e0581e8e28813f76c09d34a"},"headline":"Complexit\u00e9 g\u00e9n\u00e9tique de la maladie des petits vaisseaux c\u00e9r\u00e9braux, de la pression art\u00e9rielle et de la d\u00e9mence.","datePublished":"2024-05-30T22:00:00+00:00","dateModified":"2024-11-19T13:17:04+00:00","mainEntityOfPage":{"@id":"https:\/\/rhu-shiva.com\/fr\/blog\/2024\/05\/31\/complexite-genetique-de-la-maladie-des-petits-vaisseaux-cerebraux-de-la-pression-arterielle-et-de-la-demence\/"},"wordCount":339,"publisher":{"@id":"https:\/\/rhu-shiva.com\/fr\/#organization"},"articleSection":["Articles","default","Publication"],"inLanguage":"fr-FR"},{"@type":"WebPage","@id":"https:\/\/rhu-shiva.com\/fr\/blog\/2024\/05\/31\/complexite-genetique-de-la-maladie-des-petits-vaisseaux-cerebraux-de-la-pression-arterielle-et-de-la-demence\/","url":"https:\/\/rhu-shiva.com\/fr\/blog\/2024\/05\/31\/complexite-genetique-de-la-maladie-des-petits-vaisseaux-cerebraux-de-la-pression-arterielle-et-de-la-demence\/","name":"Complexit\u00e9 g\u00e9n\u00e9tique de la maladie des petits vaisseaux c\u00e9r\u00e9braux, de la pression art\u00e9rielle et de la d\u00e9mence. | RHU SHIVA","isPartOf":{"@id":"https:\/\/rhu-shiva.com\/fr\/#website"},"datePublished":"2024-05-30T22:00:00+00:00","dateModified":"2024-11-19T13:17:04+00:00","breadcrumb":{"@id":"https:\/\/rhu-shiva.com\/fr\/blog\/2024\/05\/31\/complexite-genetique-de-la-maladie-des-petits-vaisseaux-cerebraux-de-la-pression-arterielle-et-de-la-demence\/#breadcrumb"},"inLanguage":"fr-FR","potentialAction":[{"@type":"ReadAction","target":["https:\/\/rhu-shiva.com\/fr\/blog\/2024\/05\/31\/complexite-genetique-de-la-maladie-des-petits-vaisseaux-cerebraux-de-la-pression-arterielle-et-de-la-demence\/"]}]},{"@type":"BreadcrumbList","@id":"https:\/\/rhu-shiva.com\/fr\/blog\/2024\/05\/31\/complexite-genetique-de-la-maladie-des-petits-vaisseaux-cerebraux-de-la-pression-arterielle-et-de-la-demence\/#breadcrumb","itemListElement":[{"@type":"ListItem","position":1,"name":"Accueil","item":"https:\/\/rhu-shiva.com\/fr\/"},{"@type":"ListItem","position":2,"name":"Complexit\u00e9 g\u00e9n\u00e9tique de la maladie des petits vaisseaux c\u00e9r\u00e9braux, de la pression art\u00e9rielle et de la d\u00e9mence."}]},{"@type":"WebSite","@id":"https:\/\/rhu-shiva.com\/fr\/#website","url":"https:\/\/rhu-shiva.com\/fr\/","name":"RHU SHIVA","description":"Pr\u00e9venir le d\u00e9clin cognitif et la d\u00e9mence en combattant la maladie des petites art\u00e8res occulte","publisher":{"@id":"https:\/\/rhu-shiva.com\/fr\/#organization"},"potentialAction":[{"@type":"SearchAction","target":{"@type":"EntryPoint","urlTemplate":"https:\/\/rhu-shiva.com\/fr\/?s={search_term_string}"},"query-input":"required name=search_term_string"}],"inLanguage":"fr-FR"},{"@type":"Organization","@id":"https:\/\/rhu-shiva.com\/fr\/#organization","name":"RHU SHIVA","url":"https:\/\/rhu-shiva.com\/fr\/","logo":{"@type":"ImageObject","inLanguage":"fr-FR","@id":"https:\/\/rhu-shiva.com\/fr\/#\/schema\/logo\/image\/","url":"https:\/\/rhu-shiva.com\/fr\/wp-content\/uploads\/sites\/5\/2020\/06\/logo_grand_light_blue.png","contentUrl":"https:\/\/rhu-shiva.com\/fr\/wp-content\/uploads\/sites\/5\/2020\/06\/logo_grand_light_blue.png","width":501,"height":501,"caption":"RHU SHIVA"},"image":{"@id":"https:\/\/rhu-shiva.com\/fr\/#\/schema\/logo\/image\/"},"sameAs":["https:\/\/twitter.com\/RHU_SHiVA"]},{"@type":"Person","@id":"https:\/\/rhu-shiva.com\/fr\/#\/schema\/person\/1c1d57c19e0581e8e28813f76c09d34a","name":"RHU Shiva","image":{"@type":"ImageObject","inLanguage":"fr-FR","@id":"https:\/\/rhu-shiva.com\/fr\/#\/schema\/person\/image\/","url":"https:\/\/secure.gravatar.com\/avatar\/801f7f516941c34236676a1a3fe5f1f2?s=96&d=mm&r=g","contentUrl":"https:\/\/secure.gravatar.com\/avatar\/801f7f516941c34236676a1a3fe5f1f2?s=96&d=mm&r=g","caption":"RHU Shiva"},"url":"https:\/\/rhu-shiva.com\/fr\/blog\/author\/rhushiva\/"}]}},"_links":{"self":[{"href":"https:\/\/rhu-shiva.com\/fr\/wp-json\/wp\/v2\/posts\/1742"}],"collection":[{"href":"https:\/\/rhu-shiva.com\/fr\/wp-json\/wp\/v2\/posts"}],"about":[{"href":"https:\/\/rhu-shiva.com\/fr\/wp-json\/wp\/v2\/types\/post"}],"author":[{"embeddable":true,"href":"https:\/\/rhu-shiva.com\/fr\/wp-json\/wp\/v2\/users\/4"}],"replies":[{"embeddable":true,"href":"https:\/\/rhu-shiva.com\/fr\/wp-json\/wp\/v2\/comments?post=1742"}],"version-history":[{"count":5,"href":"https:\/\/rhu-shiva.com\/fr\/wp-json\/wp\/v2\/posts\/1742\/revisions"}],"predecessor-version":[{"id":1748,"href":"https:\/\/rhu-shiva.com\/fr\/wp-json\/wp\/v2\/posts\/1742\/revisions\/1748"}],"wp:featuredmedia":[{"embeddable":true,"href":"https:\/\/rhu-shiva.com\/fr\/wp-json\/wp\/v2\/media\/1749"}],"wp:attachment":[{"href":"https:\/\/rhu-shiva.com\/fr\/wp-json\/wp\/v2\/media?parent=1742"}],"wp:term":[{"taxonomy":"category","embeddable":true,"href":"https:\/\/rhu-shiva.com\/fr\/wp-json\/wp\/v2\/categories?post=1742"},{"taxonomy":"post_tag","embeddable":true,"href":"https:\/\/rhu-shiva.com\/fr\/wp-json\/wp\/v2\/tags?post=1742"}],"curies":[{"name":"wp","href":"https:\/\/api.w.org\/{rel}","templated":true}]}}