{"id":1589,"date":"2023-07-21T16:28:53","date_gmt":"2023-07-21T14:28:53","guid":{"rendered":"https:\/\/rhu-shiva.com\/fr\/?p=1589"},"modified":"2023-07-21T16:28:55","modified_gmt":"2023-07-21T14:28:55","slug":"shiva-a-la-conference-internationale-de-lassociation-alzheimer-aaic-2023-a-amsterdam","status":"publish","type":"post","link":"https:\/\/rhu-shiva.com\/fr\/blog\/2023\/07\/21\/shiva-a-la-conference-internationale-de-lassociation-alzheimer-aaic-2023-a-amsterdam\/","title":{"rendered":"SHIVA \u00e0 la Conf\u00e9rence Internationale de l&rsquo;Association Alzheimer (AAIC 2023) \u00e0 Amsterdam"},"content":{"rendered":"\n<p>St\u00e9phanie Debette, coordinatrice du RHU SHIVA, a pr\u00e9sent\u00e9 les travaux \u00ab\u00a0Mieux comprendre l&rsquo;architecture g\u00e9n\u00e9tique de la maladie des petits vaisseaux c\u00e9r\u00e9braux \u00e0 l&rsquo;aide de mesures d&rsquo;imagerie avanc\u00e9es dans CHARGE et UK Biobank \u00a0\u00bb lors de la conf\u00e9rence internationale de l&rsquo;Alzheimer&rsquo;s Association\u00ae 2023, \u00e0 Amsterdam (Pays Bas).<\/p>\n\n\n\n<figure class=\"wp-block-gallery columns-2 is-cropped wp-block-gallery-1 is-layout-flex wp-block-gallery-is-layout-flex\"><ul class=\"blocks-gallery-grid\"><li class=\"blocks-gallery-item\"><figure><img loading=\"lazy\" decoding=\"async\" width=\"960\" height=\"540\" src=\"https:\/\/rhu-shiva.com\/fr\/wp-content\/uploads\/sites\/5\/2023\/07\/Diapositive1.jpg\" alt=\"\" data-id=\"1590\" data-full-url=\"https:\/\/rhu-shiva.com\/fr\/wp-content\/uploads\/sites\/5\/2023\/07\/Diapositive1.jpg\" data-link=\"https:\/\/rhu-shiva.com\/fr\/?attachment_id=1590\" class=\"wp-image-1590\" srcset=\"https:\/\/rhu-shiva.com\/fr\/wp-content\/uploads\/sites\/5\/2023\/07\/Diapositive1.jpg 960w, https:\/\/rhu-shiva.com\/fr\/wp-content\/uploads\/sites\/5\/2023\/07\/Diapositive1-300x169.jpg 300w, https:\/\/rhu-shiva.com\/fr\/wp-content\/uploads\/sites\/5\/2023\/07\/Diapositive1-768x432.jpg 768w, https:\/\/rhu-shiva.com\/fr\/wp-content\/uploads\/sites\/5\/2023\/07\/Diapositive1-260x146.jpg 260w, https:\/\/rhu-shiva.com\/fr\/wp-content\/uploads\/sites\/5\/2023\/07\/Diapositive1-50x28.jpg 50w, https:\/\/rhu-shiva.com\/fr\/wp-content\/uploads\/sites\/5\/2023\/07\/Diapositive1-133x75.jpg 133w\" sizes=\"(max-width: 960px) 100vw, 960px\" \/><\/figure><\/li><li class=\"blocks-gallery-item\"><figure><img loading=\"lazy\" decoding=\"async\" width=\"960\" height=\"540\" src=\"https:\/\/rhu-shiva.com\/fr\/wp-content\/uploads\/sites\/5\/2023\/07\/Diapositive2.jpg\" alt=\"\" data-id=\"1591\" data-full-url=\"https:\/\/rhu-shiva.com\/fr\/wp-content\/uploads\/sites\/5\/2023\/07\/Diapositive2.jpg\" data-link=\"https:\/\/rhu-shiva.com\/fr\/?attachment_id=1591\" class=\"wp-image-1591\" srcset=\"https:\/\/rhu-shiva.com\/fr\/wp-content\/uploads\/sites\/5\/2023\/07\/Diapositive2.jpg 960w, https:\/\/rhu-shiva.com\/fr\/wp-content\/uploads\/sites\/5\/2023\/07\/Diapositive2-300x169.jpg 300w, https:\/\/rhu-shiva.com\/fr\/wp-content\/uploads\/sites\/5\/2023\/07\/Diapositive2-768x432.jpg 768w, https:\/\/rhu-shiva.com\/fr\/wp-content\/uploads\/sites\/5\/2023\/07\/Diapositive2-260x146.jpg 260w, https:\/\/rhu-shiva.com\/fr\/wp-content\/uploads\/sites\/5\/2023\/07\/Diapositive2-50x28.jpg 50w, https:\/\/rhu-shiva.com\/fr\/wp-content\/uploads\/sites\/5\/2023\/07\/Diapositive2-133x75.jpg 133w\" sizes=\"(max-width: 960px) 100vw, 960px\" \/><\/figure><\/li><\/ul><\/figure>\n\n\n\n<div class=\"wp-block-media-text alignwide is-stacked-on-mobile\"><figure class=\"wp-block-media-text__media\"><img loading=\"lazy\" decoding=\"async\" width=\"1024\" height=\"675\" src=\"https:\/\/rhu-shiva.com\/fr\/wp-content\/uploads\/sites\/5\/2023\/07\/Picture-AAIC-2023--1024x675.jpg\" alt=\"\" class=\"wp-image-1592 size-full\" srcset=\"https:\/\/rhu-shiva.com\/fr\/wp-content\/uploads\/sites\/5\/2023\/07\/Picture-AAIC-2023--1024x675.jpg 1024w, https:\/\/rhu-shiva.com\/fr\/wp-content\/uploads\/sites\/5\/2023\/07\/Picture-AAIC-2023--300x198.jpg 300w, https:\/\/rhu-shiva.com\/fr\/wp-content\/uploads\/sites\/5\/2023\/07\/Picture-AAIC-2023--768x506.jpg 768w, https:\/\/rhu-shiva.com\/fr\/wp-content\/uploads\/sites\/5\/2023\/07\/Picture-AAIC-2023--222x146.jpg 222w, https:\/\/rhu-shiva.com\/fr\/wp-content\/uploads\/sites\/5\/2023\/07\/Picture-AAIC-2023--50x33.jpg 50w, https:\/\/rhu-shiva.com\/fr\/wp-content\/uploads\/sites\/5\/2023\/07\/Picture-AAIC-2023--114x75.jpg 114w, https:\/\/rhu-shiva.com\/fr\/wp-content\/uploads\/sites\/5\/2023\/07\/Picture-AAIC-2023-.jpg 1105w\" sizes=\"(max-width: 1024px) 100vw, 1024px\" \/><\/figure><div class=\"wp-block-media-text__content\">\n<p>Ce fut l&rsquo;occasion de renouer avec nos partenaires de l&rsquo;universit\u00e9 d&rsquo;Ibadan, le Professeur <strong>Rufus AKINYEMI<\/strong>, et avec le Professeur <strong>Raj Kalaria<\/strong>, membre du conseil consultatif de l<strong>&lsquo;IHU de pr\u00e9cision et de sant\u00e9 vasculaire c\u00e9r\u00e9brale (VBHI)<\/strong>, r\u00e9cemment s\u00e9lectionn\u00e9 pour b\u00e9n\u00e9ficier d&rsquo;un financement.<\/p>\n<\/div><\/div>\n","protected":false},"excerpt":{"rendered":"<p>St\u00e9phanie Debette, coordinatrice du RHU SHIVA, a pr\u00e9sent\u00e9 les travaux \u00ab\u00a0Mieux comprendre l&rsquo;architecture g\u00e9n\u00e9tique de la maladie des petits vaisseaux c\u00e9r\u00e9braux \u00e0 l&rsquo;aide de mesures d&rsquo;imagerie<span class=\"excerpt-hellip\"> [\u2026]<\/span><\/p>\n","protected":false},"author":4,"featured_media":1590,"comment_status":"closed","ping_status":"closed","sticky":false,"template":"","format":"standard","meta":{"inline_featured_image":false,"footnotes":""},"categories":[6],"tags":[],"yoast_head":"<!-- This site is optimized with the Yoast SEO plugin v21.8 - https:\/\/yoast.com\/wordpress\/plugins\/seo\/ -->\n<title>SHIVA \u00e0 la Conf\u00e9rence Internationale de l&#039;Association Alzheimer (AAIC 2023) \u00e0 Amsterdam | RHU SHIVA<\/title>\n<meta name=\"robots\" content=\"index, follow, max-snippet:-1, max-image-preview:large, max-video-preview:-1\" \/>\n<link rel=\"canonical\" href=\"https:\/\/rhu-shiva.com\/fr\/blog\/2023\/07\/21\/shiva-a-la-conference-internationale-de-lassociation-alzheimer-aaic-2023-a-amsterdam\/\" \/>\n<meta property=\"og:locale\" content=\"fr_FR\" \/>\n<meta property=\"og:type\" content=\"article\" \/>\n<meta property=\"og:title\" content=\"SHIVA \u00e0 la Conf\u00e9rence Internationale de l&#039;Association Alzheimer (AAIC 2023) \u00e0 Amsterdam | RHU SHIVA\" \/>\n<meta property=\"og:description\" content=\"St\u00e9phanie Debette, coordinatrice du RHU SHIVA, a pr\u00e9sent\u00e9 les travaux \u00ab\u00a0Mieux comprendre l&rsquo;architecture g\u00e9n\u00e9tique de la maladie des petits vaisseaux c\u00e9r\u00e9braux \u00e0 l&rsquo;aide de mesures d&rsquo;imagerie [\u2026]\" \/>\n<meta property=\"og:url\" content=\"https:\/\/rhu-shiva.com\/fr\/blog\/2023\/07\/21\/shiva-a-la-conference-internationale-de-lassociation-alzheimer-aaic-2023-a-amsterdam\/\" \/>\n<meta property=\"og:site_name\" content=\"RHU SHIVA\" \/>\n<meta property=\"article:published_time\" content=\"2023-07-21T14:28:53+00:00\" \/>\n<meta property=\"article:modified_time\" content=\"2023-07-21T14:28:55+00:00\" \/>\n<meta property=\"og:image\" content=\"https:\/\/rhu-shiva.com\/fr\/wp-content\/uploads\/sites\/5\/2023\/07\/Diapositive1.jpg\" \/>\n\t<meta property=\"og:image:width\" content=\"960\" \/>\n\t<meta property=\"og:image:height\" content=\"540\" \/>\n\t<meta property=\"og:image:type\" content=\"image\/jpeg\" \/>\n<meta name=\"author\" content=\"RHU Shiva\" \/>\n<meta name=\"twitter:card\" content=\"summary_large_image\" \/>\n<meta name=\"twitter:creator\" content=\"@RHU_SHiVA\" \/>\n<meta name=\"twitter:site\" content=\"@RHU_SHiVA\" \/>\n<meta name=\"twitter:label1\" content=\"\u00c9crit par\" \/>\n\t<meta name=\"twitter:data1\" content=\"RHU Shiva\" \/>\n\t<meta name=\"twitter:label2\" content=\"Dur\u00e9e de lecture estim\u00e9e\" \/>\n\t<meta name=\"twitter:data2\" content=\"2 minutes\" \/>\n<script type=\"application\/ld+json\" class=\"yoast-schema-graph\">{\"@context\":\"https:\/\/schema.org\",\"@graph\":[{\"@type\":\"Article\",\"@id\":\"https:\/\/rhu-shiva.com\/fr\/blog\/2023\/07\/21\/shiva-a-la-conference-internationale-de-lassociation-alzheimer-aaic-2023-a-amsterdam\/#article\",\"isPartOf\":{\"@id\":\"https:\/\/rhu-shiva.com\/fr\/blog\/2023\/07\/21\/shiva-a-la-conference-internationale-de-lassociation-alzheimer-aaic-2023-a-amsterdam\/\"},\"author\":{\"name\":\"RHU Shiva\",\"@id\":\"https:\/\/rhu-shiva.com\/fr\/#\/schema\/person\/1c1d57c19e0581e8e28813f76c09d34a\"},\"headline\":\"SHIVA \u00e0 la Conf\u00e9rence Internationale de l&rsquo;Association Alzheimer (AAIC 2023) \u00e0 Amsterdam\",\"datePublished\":\"2023-07-21T14:28:53+00:00\",\"dateModified\":\"2023-07-21T14:28:55+00:00\",\"mainEntityOfPage\":{\"@id\":\"https:\/\/rhu-shiva.com\/fr\/blog\/2023\/07\/21\/shiva-a-la-conference-internationale-de-lassociation-alzheimer-aaic-2023-a-amsterdam\/\"},\"wordCount\":108,\"publisher\":{\"@id\":\"https:\/\/rhu-shiva.com\/fr\/#organization\"},\"articleSection\":[\"Articles\"],\"inLanguage\":\"fr-FR\"},{\"@type\":\"WebPage\",\"@id\":\"https:\/\/rhu-shiva.com\/fr\/blog\/2023\/07\/21\/shiva-a-la-conference-internationale-de-lassociation-alzheimer-aaic-2023-a-amsterdam\/\",\"url\":\"https:\/\/rhu-shiva.com\/fr\/blog\/2023\/07\/21\/shiva-a-la-conference-internationale-de-lassociation-alzheimer-aaic-2023-a-amsterdam\/\",\"name\":\"SHIVA \u00e0 la Conf\u00e9rence Internationale de l'Association Alzheimer (AAIC 2023) \u00e0 Amsterdam | RHU SHIVA\",\"isPartOf\":{\"@id\":\"https:\/\/rhu-shiva.com\/fr\/#website\"},\"datePublished\":\"2023-07-21T14:28:53+00:00\",\"dateModified\":\"2023-07-21T14:28:55+00:00\",\"breadcrumb\":{\"@id\":\"https:\/\/rhu-shiva.com\/fr\/blog\/2023\/07\/21\/shiva-a-la-conference-internationale-de-lassociation-alzheimer-aaic-2023-a-amsterdam\/#breadcrumb\"},\"inLanguage\":\"fr-FR\",\"potentialAction\":[{\"@type\":\"ReadAction\",\"target\":[\"https:\/\/rhu-shiva.com\/fr\/blog\/2023\/07\/21\/shiva-a-la-conference-internationale-de-lassociation-alzheimer-aaic-2023-a-amsterdam\/\"]}]},{\"@type\":\"BreadcrumbList\",\"@id\":\"https:\/\/rhu-shiva.com\/fr\/blog\/2023\/07\/21\/shiva-a-la-conference-internationale-de-lassociation-alzheimer-aaic-2023-a-amsterdam\/#breadcrumb\",\"itemListElement\":[{\"@type\":\"ListItem\",\"position\":1,\"name\":\"Accueil\",\"item\":\"https:\/\/rhu-shiva.com\/fr\/\"},{\"@type\":\"ListItem\",\"position\":2,\"name\":\"SHIVA \u00e0 la Conf\u00e9rence Internationale de l&rsquo;Association Alzheimer (AAIC 2023) \u00e0 Amsterdam\"}]},{\"@type\":\"WebSite\",\"@id\":\"https:\/\/rhu-shiva.com\/fr\/#website\",\"url\":\"https:\/\/rhu-shiva.com\/fr\/\",\"name\":\"RHU SHIVA\",\"description\":\"Pr\u00e9venir le d\u00e9clin cognitif et la d\u00e9mence en combattant la maladie des petites art\u00e8res occulte\",\"publisher\":{\"@id\":\"https:\/\/rhu-shiva.com\/fr\/#organization\"},\"potentialAction\":[{\"@type\":\"SearchAction\",\"target\":{\"@type\":\"EntryPoint\",\"urlTemplate\":\"https:\/\/rhu-shiva.com\/fr\/?s={search_term_string}\"},\"query-input\":\"required name=search_term_string\"}],\"inLanguage\":\"fr-FR\"},{\"@type\":\"Organization\",\"@id\":\"https:\/\/rhu-shiva.com\/fr\/#organization\",\"name\":\"RHU SHIVA\",\"url\":\"https:\/\/rhu-shiva.com\/fr\/\",\"logo\":{\"@type\":\"ImageObject\",\"inLanguage\":\"fr-FR\",\"@id\":\"https:\/\/rhu-shiva.com\/fr\/#\/schema\/logo\/image\/\",\"url\":\"https:\/\/rhu-shiva.com\/fr\/wp-content\/uploads\/sites\/5\/2020\/06\/logo_grand_light_blue.png\",\"contentUrl\":\"https:\/\/rhu-shiva.com\/fr\/wp-content\/uploads\/sites\/5\/2020\/06\/logo_grand_light_blue.png\",\"width\":501,\"height\":501,\"caption\":\"RHU SHIVA\"},\"image\":{\"@id\":\"https:\/\/rhu-shiva.com\/fr\/#\/schema\/logo\/image\/\"},\"sameAs\":[\"https:\/\/twitter.com\/RHU_SHiVA\"]},{\"@type\":\"Person\",\"@id\":\"https:\/\/rhu-shiva.com\/fr\/#\/schema\/person\/1c1d57c19e0581e8e28813f76c09d34a\",\"name\":\"RHU Shiva\",\"image\":{\"@type\":\"ImageObject\",\"inLanguage\":\"fr-FR\",\"@id\":\"https:\/\/rhu-shiva.com\/fr\/#\/schema\/person\/image\/\",\"url\":\"https:\/\/secure.gravatar.com\/avatar\/801f7f516941c34236676a1a3fe5f1f2?s=96&d=mm&r=g\",\"contentUrl\":\"https:\/\/secure.gravatar.com\/avatar\/801f7f516941c34236676a1a3fe5f1f2?s=96&d=mm&r=g\",\"caption\":\"RHU Shiva\"},\"url\":\"https:\/\/rhu-shiva.com\/fr\/blog\/author\/rhushiva\/\"}]}<\/script>\n<!-- \/ Yoast SEO plugin. -->","yoast_head_json":{"title":"SHIVA \u00e0 la Conf\u00e9rence Internationale de l'Association Alzheimer (AAIC 2023) \u00e0 Amsterdam | RHU SHIVA","robots":{"index":"index","follow":"follow","max-snippet":"max-snippet:-1","max-image-preview":"max-image-preview:large","max-video-preview":"max-video-preview:-1"},"canonical":"https:\/\/rhu-shiva.com\/fr\/blog\/2023\/07\/21\/shiva-a-la-conference-internationale-de-lassociation-alzheimer-aaic-2023-a-amsterdam\/","og_locale":"fr_FR","og_type":"article","og_title":"SHIVA \u00e0 la Conf\u00e9rence Internationale de l'Association Alzheimer (AAIC 2023) \u00e0 Amsterdam | RHU SHIVA","og_description":"St\u00e9phanie Debette, coordinatrice du RHU SHIVA, a pr\u00e9sent\u00e9 les travaux \u00ab\u00a0Mieux comprendre l&rsquo;architecture g\u00e9n\u00e9tique de la maladie des petits vaisseaux c\u00e9r\u00e9braux \u00e0 l&rsquo;aide de mesures d&rsquo;imagerie [\u2026]","og_url":"https:\/\/rhu-shiva.com\/fr\/blog\/2023\/07\/21\/shiva-a-la-conference-internationale-de-lassociation-alzheimer-aaic-2023-a-amsterdam\/","og_site_name":"RHU SHIVA","article_published_time":"2023-07-21T14:28:53+00:00","article_modified_time":"2023-07-21T14:28:55+00:00","og_image":[{"width":960,"height":540,"url":"https:\/\/rhu-shiva.com\/fr\/wp-content\/uploads\/sites\/5\/2023\/07\/Diapositive1.jpg","type":"image\/jpeg"}],"author":"RHU Shiva","twitter_card":"summary_large_image","twitter_creator":"@RHU_SHiVA","twitter_site":"@RHU_SHiVA","twitter_misc":{"\u00c9crit par":"RHU Shiva","Dur\u00e9e de lecture estim\u00e9e":"2 minutes"},"schema":{"@context":"https:\/\/schema.org","@graph":[{"@type":"Article","@id":"https:\/\/rhu-shiva.com\/fr\/blog\/2023\/07\/21\/shiva-a-la-conference-internationale-de-lassociation-alzheimer-aaic-2023-a-amsterdam\/#article","isPartOf":{"@id":"https:\/\/rhu-shiva.com\/fr\/blog\/2023\/07\/21\/shiva-a-la-conference-internationale-de-lassociation-alzheimer-aaic-2023-a-amsterdam\/"},"author":{"name":"RHU Shiva","@id":"https:\/\/rhu-shiva.com\/fr\/#\/schema\/person\/1c1d57c19e0581e8e28813f76c09d34a"},"headline":"SHIVA \u00e0 la Conf\u00e9rence Internationale de l&rsquo;Association Alzheimer (AAIC 2023) \u00e0 Amsterdam","datePublished":"2023-07-21T14:28:53+00:00","dateModified":"2023-07-21T14:28:55+00:00","mainEntityOfPage":{"@id":"https:\/\/rhu-shiva.com\/fr\/blog\/2023\/07\/21\/shiva-a-la-conference-internationale-de-lassociation-alzheimer-aaic-2023-a-amsterdam\/"},"wordCount":108,"publisher":{"@id":"https:\/\/rhu-shiva.com\/fr\/#organization"},"articleSection":["Articles"],"inLanguage":"fr-FR"},{"@type":"WebPage","@id":"https:\/\/rhu-shiva.com\/fr\/blog\/2023\/07\/21\/shiva-a-la-conference-internationale-de-lassociation-alzheimer-aaic-2023-a-amsterdam\/","url":"https:\/\/rhu-shiva.com\/fr\/blog\/2023\/07\/21\/shiva-a-la-conference-internationale-de-lassociation-alzheimer-aaic-2023-a-amsterdam\/","name":"SHIVA \u00e0 la Conf\u00e9rence Internationale de l'Association Alzheimer (AAIC 2023) \u00e0 Amsterdam | RHU SHIVA","isPartOf":{"@id":"https:\/\/rhu-shiva.com\/fr\/#website"},"datePublished":"2023-07-21T14:28:53+00:00","dateModified":"2023-07-21T14:28:55+00:00","breadcrumb":{"@id":"https:\/\/rhu-shiva.com\/fr\/blog\/2023\/07\/21\/shiva-a-la-conference-internationale-de-lassociation-alzheimer-aaic-2023-a-amsterdam\/#breadcrumb"},"inLanguage":"fr-FR","potentialAction":[{"@type":"ReadAction","target":["https:\/\/rhu-shiva.com\/fr\/blog\/2023\/07\/21\/shiva-a-la-conference-internationale-de-lassociation-alzheimer-aaic-2023-a-amsterdam\/"]}]},{"@type":"BreadcrumbList","@id":"https:\/\/rhu-shiva.com\/fr\/blog\/2023\/07\/21\/shiva-a-la-conference-internationale-de-lassociation-alzheimer-aaic-2023-a-amsterdam\/#breadcrumb","itemListElement":[{"@type":"ListItem","position":1,"name":"Accueil","item":"https:\/\/rhu-shiva.com\/fr\/"},{"@type":"ListItem","position":2,"name":"SHIVA \u00e0 la Conf\u00e9rence Internationale de l&rsquo;Association Alzheimer (AAIC 2023) \u00e0 Amsterdam"}]},{"@type":"WebSite","@id":"https:\/\/rhu-shiva.com\/fr\/#website","url":"https:\/\/rhu-shiva.com\/fr\/","name":"RHU SHIVA","description":"Pr\u00e9venir le d\u00e9clin cognitif et la d\u00e9mence en combattant la maladie des petites art\u00e8res occulte","publisher":{"@id":"https:\/\/rhu-shiva.com\/fr\/#organization"},"potentialAction":[{"@type":"SearchAction","target":{"@type":"EntryPoint","urlTemplate":"https:\/\/rhu-shiva.com\/fr\/?s={search_term_string}"},"query-input":"required name=search_term_string"}],"inLanguage":"fr-FR"},{"@type":"Organization","@id":"https:\/\/rhu-shiva.com\/fr\/#organization","name":"RHU SHIVA","url":"https:\/\/rhu-shiva.com\/fr\/","logo":{"@type":"ImageObject","inLanguage":"fr-FR","@id":"https:\/\/rhu-shiva.com\/fr\/#\/schema\/logo\/image\/","url":"https:\/\/rhu-shiva.com\/fr\/wp-content\/uploads\/sites\/5\/2020\/06\/logo_grand_light_blue.png","contentUrl":"https:\/\/rhu-shiva.com\/fr\/wp-content\/uploads\/sites\/5\/2020\/06\/logo_grand_light_blue.png","width":501,"height":501,"caption":"RHU SHIVA"},"image":{"@id":"https:\/\/rhu-shiva.com\/fr\/#\/schema\/logo\/image\/"},"sameAs":["https:\/\/twitter.com\/RHU_SHiVA"]},{"@type":"Person","@id":"https:\/\/rhu-shiva.com\/fr\/#\/schema\/person\/1c1d57c19e0581e8e28813f76c09d34a","name":"RHU Shiva","image":{"@type":"ImageObject","inLanguage":"fr-FR","@id":"https:\/\/rhu-shiva.com\/fr\/#\/schema\/person\/image\/","url":"https:\/\/secure.gravatar.com\/avatar\/801f7f516941c34236676a1a3fe5f1f2?s=96&d=mm&r=g","contentUrl":"https:\/\/secure.gravatar.com\/avatar\/801f7f516941c34236676a1a3fe5f1f2?s=96&d=mm&r=g","caption":"RHU Shiva"},"url":"https:\/\/rhu-shiva.com\/fr\/blog\/author\/rhushiva\/"}]}},"_links":{"self":[{"href":"https:\/\/rhu-shiva.com\/fr\/wp-json\/wp\/v2\/posts\/1589"}],"collection":[{"href":"https:\/\/rhu-shiva.com\/fr\/wp-json\/wp\/v2\/posts"}],"about":[{"href":"https:\/\/rhu-shiva.com\/fr\/wp-json\/wp\/v2\/types\/post"}],"author":[{"embeddable":true,"href":"https:\/\/rhu-shiva.com\/fr\/wp-json\/wp\/v2\/users\/4"}],"replies":[{"embeddable":true,"href":"https:\/\/rhu-shiva.com\/fr\/wp-json\/wp\/v2\/comments?post=1589"}],"version-history":[{"count":1,"href":"https:\/\/rhu-shiva.com\/fr\/wp-json\/wp\/v2\/posts\/1589\/revisions"}],"predecessor-version":[{"id":1593,"href":"https:\/\/rhu-shiva.com\/fr\/wp-json\/wp\/v2\/posts\/1589\/revisions\/1593"}],"wp:featuredmedia":[{"embeddable":true,"href":"https:\/\/rhu-shiva.com\/fr\/wp-json\/wp\/v2\/media\/1590"}],"wp:attachment":[{"href":"https:\/\/rhu-shiva.com\/fr\/wp-json\/wp\/v2\/media?parent=1589"}],"wp:term":[{"taxonomy":"category","embeddable":true,"href":"https:\/\/rhu-shiva.com\/fr\/wp-json\/wp\/v2\/categories?post=1589"},{"taxonomy":"post_tag","embeddable":true,"href":"https:\/\/rhu-shiva.com\/fr\/wp-json\/wp\/v2\/tags?post=1589"}],"curies":[{"name":"wp","href":"https:\/\/api.w.org\/{rel}","templated":true}]}}